{"id":918,"date":"2022-05-12T10:39:43","date_gmt":"2022-05-12T10:39:43","guid":{"rendered":"https:\/\/www.lemmikkienlakipalvelut.fi\/?p=918"},"modified":"2022-05-12T10:39:45","modified_gmt":"2022-05-12T10:39:45","slug":"korona-ajan-lemmikkibuumin-varjopuoli-alkaa-nakya-elainsuojeluyhdistyksissa","status":"publish","type":"post","link":"https:\/\/www.lemmikkienlakipalvelut.fi\/sv\/korona-ajan-lemmikkibuumin-varjopuoli-alkaa-nakya-elainsuojeluyhdistyksissa\/","title":{"rendered":"Korona-ajan lemmikkibuumin varjopuoli alkaa n\u00e4ky\u00e4 el\u00e4insuojeluyhdistyksiss\u00e4"},"content":{"rendered":"<p>Helsingin Sanomat uutisoivat 5. toukokuuta 2022 huolestuttavasta vastailmi\u00f6st\u00e4 korona-ajan lemmikkibuumille. Nyt et\u00e4ty\u00f6suosituksen poistuttua lemmikeist\u00e4 halutaankin luopua entist\u00e4 enemm\u00e4n. Helsingin el\u00e4insuojeluyhdistys Hesy Ry kertoo tiedotteessaan, ett\u00e4 yhteydenotot, joissa el\u00e4imest\u00e4 halutaan luopua, ovat kasvaneet merkitt\u00e4v\u00e4sti.<\/p>\n\n\n\n<p>Julkaisimme 29. huhtikuuta blogin siit\u00e4, mit\u00e4 tulisi ottaa huomioon kissanpennun hankinnassa. My\u00f6s muiden lemmikkien kohdalla on mietitt\u00e4v\u00e4 yht\u00e4 tarkkaan, onko lemmikin ottamiseen hyv\u00e4 hetki. Mit\u00e4\u00e4n el\u00e4int\u00e4 ei tulisi ottaa perheeseen kevyin perustein.<\/p>\n\n\n\n<p>Korona-aika tuntuu monelle varmasti otolliselta ajalta, esimerkiksi koiran hankitaan. Tietyll\u00e4 tapaa ajankohta onkin erinomainen; moni on innostunut ulkoilemisesta, seuraa kaivataan ja koiran ei tarvitse olla paljon yksin. Pandemia on my\u00f6skin koetellut meit\u00e4 odotettua kauemmin, joten et\u00e4ty\u00f6aikana on ollut aikaa harkita uutta perheenj\u00e4sent\u00e4. Mik\u00e4 sitten on mennyt pieleen?<\/p>\n\n\n\n<p>El\u00e4mme jo kolmatta vuotta poikkeusaikaa, mutta mik\u00e4li pentu on tullut perheeseen t\u00e4n\u00e4 aikana, se ei ymm\u00e4rr\u00e4 poikkeusta. Niinp\u00e4 koira tai kissa on tottunut siihen, ett\u00e4 omistaja on l\u00e4hes jatkuvasti kotona, eik\u00e4 se ole v\u00e4ltt\u00e4m\u00e4tt\u00e4 kohdannut juurikaan muita ihmisi\u00e4 tai el\u00e4imi\u00e4. Liian moni ei ole huomannut ajatella t\u00e4t\u00e4 pennun koulutuksessa.<\/p>\n\n\n\n<p>Kun alamme palata takaisin el\u00e4m\u00e4\u00e4n ilman pandemiaa, moni el\u00e4in ei osaakaan olla yksin, mik\u00e4 aiheuttaa usein ongelmak\u00e4yt\u00f6st\u00e4. Yll\u00e4tt\u00e4en hyv\u00e4k\u00e4yt\u00f6ksinen ja muuten hyvin koulutettu koira tai kissa alkaakin tuhoamaan huonekaluja, pit\u00e4m\u00e4\u00e4n meteli\u00e4 ja jopa uhmaamaan omistajansa k\u00e4skyj\u00e4.<\/p>\n\n\n\n<p>Tuntuuko nyt pisto syd\u00e4mess\u00e4? Yht\u00e4kki\u00e4 yksin j\u00e4\u00e4v\u00e4\u00e4 koiraa pelottaa ja sen takia se k\u00e4ytt\u00e4ytyy huonosti. Peli ei kuitenkaan ole menetetty, vaan k\u00e4rsiv\u00e4llisen koulutuksen my\u00f6t\u00e4 lemmikki oppii uuteen tilanteeseen. Samalla tavalla moni meist\u00e4 ihmisist\u00e4kin oireili ensimm\u00e4isen\u00e4 koronakev\u00e4\u00e4n\u00e4. Tilanne oli uusi ja siihen t\u00e4ytyi sopeutua, sek\u00e4 opetella el\u00e4m\u00e4\u00e4n uudella tavalla.<\/p>\n\n\n\n<p>Koirasta ei siis tarvitse luopua sen takia, ett\u00e4 se ei osaa olla yksin ja k\u00e4ytt\u00e4ytyy siksi ongelmallisesti. Sen sijaan sille on alettava rauhassa opettamaan uusia asioita, kuten yksinolemista ja muiden ihmisten kohtaamista. Avain on k\u00e4rsiv\u00e4llisyydess\u00e4.<\/p>\n\n\n\n<p>Toimistomme yksi t\u00e4rke\u00e4 tavoite on tehd\u00e4 t\u00f6it\u00e4 sen eteen, ett\u00e4 lemmikkiel\u00e4imet saisivat vahvemman aseman perheess\u00e4, eik\u00e4 niist\u00e4 luovuttaisi turhan helposti. Liian moni lemmikki joutuu t\u00e4ysin heitteille el\u00e4m\u00e4n k\u00e4\u00e4nnekohdissa, kuten eroissa. Sen takia olemme huolestuneesti seuranneet koronan vaikutusta lemmikkimarkkinoihin. Kohonneella kiinnostuksella lemmikkej\u00e4 kohtaan on my\u00f6s varjopuolensa, mik\u00e4 alkaa n\u00e4ytt\u00e4yty\u00e4 viimeist\u00e4\u00e4n nyt.<\/p>","protected":false},"excerpt":{"rendered":"<p>Helsingin Sanomat uutisoivat 5. toukokuuta 2022 huolestuttavasta vastailmi\u00f6st\u00e4 korona-ajan lemmikkibuumille. Nyt et\u00e4ty\u00f6suosituksen poistuttua lemmikeist\u00e4 halutaankin luopua entist\u00e4 enemm\u00e4n. Helsingin el\u00e4insuojeluyhdistys Hesy Ry kertoo tiedotteessaan, ett\u00e4 yhteydenotot, joissa el\u00e4imest\u00e4 halutaan luopua, ovat kasvaneet merkitt\u00e4v\u00e4sti. Julkaisimme 29. huhtikuuta blogin siit\u00e4, mit\u00e4 tulisi ottaa huomioon kissanpennun hankinnassa. My\u00f6s muiden lemmikkien kohdalla on mietitt\u00e4v\u00e4 yht\u00e4 tarkkaan, onko lemmikin ottamiseen [&hellip;]<\/p>","protected":false},"author":2,"featured_media":921,"comment_status":"open","ping_status":"open","sticky":true,"template":"","format":"standard","meta":{"hide_page_title":""},"categories":[1],"tags":[19,21,20,18],"yoast_head":"<!-- This site is optimized with the Yoast SEO plugin v21.8.1 - https:\/\/yoast.com\/wordpress\/plugins\/seo\/ -->\n<title>Korona-ajan lemmikkibuumin varjopuoli alkaa n\u00e4ky\u00e4 el\u00e4insuojeluyhdistyksiss\u00e4 - Lemmikkien lakipalvelut<\/title>\n<meta name=\"description\" content=\"Oletko hankkimassa lemmikki\u00e4, tai kenties sinulla jo on sellainen? Onneksi olkoon! Lemmikit ovat ihania. Juuri sen vuoksi me autamme sinua huolehtimaan h\u00e4nen oikeuksistaan ja samalla sinunkin oikeusturvastasi.\" \/>\n<meta name=\"robots\" content=\"index, follow, max-snippet:-1, max-image-preview:large, max-video-preview:-1\" \/>\n<link rel=\"canonical\" href=\"https:\/\/www.lemmikkienlakipalvelut.fi\/sv\/korona-ajan-lemmikkibuumin-varjopuoli-alkaa-nakya-elainsuojeluyhdistyksissa\/\" \/>\n<meta property=\"og:locale\" content=\"sv_SE\" \/>\n<meta property=\"og:type\" content=\"article\" \/>\n<meta property=\"og:title\" content=\"Korona-ajan lemmikkibuumin varjopuoli alkaa n\u00e4ky\u00e4 el\u00e4insuojeluyhdistyksiss\u00e4 - Lemmikkien lakipalvelut\" \/>\n<meta property=\"og:description\" content=\"Oletko hankkimassa lemmikki\u00e4, tai kenties sinulla jo on sellainen? Onneksi olkoon! Lemmikit ovat ihania. Juuri sen vuoksi me autamme sinua huolehtimaan h\u00e4nen oikeuksistaan ja samalla sinunkin oikeusturvastasi.\" \/>\n<meta property=\"og:url\" content=\"https:\/\/www.lemmikkienlakipalvelut.fi\/sv\/korona-ajan-lemmikkibuumin-varjopuoli-alkaa-nakya-elainsuojeluyhdistyksissa\/\" \/>\n<meta property=\"og:site_name\" content=\"Lemmikkien lakipalvelut\" \/>\n<meta property=\"article:publisher\" content=\"https:\/\/www.facebook.com\/Lemmikkiel%c3%a4inten-lakiasiaintoimisto-JenniMinni-102363868709126\/\" \/>\n<meta property=\"article:published_time\" content=\"2022-05-12T10:39:43+00:00\" \/>\n<meta property=\"article:modified_time\" content=\"2022-05-12T10:39:45+00:00\" \/>\n<meta property=\"og:image\" content=\"https:\/\/www.lemmikkienlakipalvelut.fi\/wp-content\/uploads\/2022\/05\/dog-2579897_640.jpg\" \/>\n\t<meta property=\"og:image:width\" content=\"640\" \/>\n\t<meta property=\"og:image:height\" content=\"426\" \/>\n\t<meta property=\"og:image:type\" content=\"image\/jpeg\" \/>\n<meta name=\"author\" content=\"Jan-Olof Nyholm\" \/>\n<meta name=\"twitter:card\" content=\"summary_large_image\" \/>\n<meta name=\"twitter:label1\" content=\"Skriven av\" \/>\n\t<meta name=\"twitter:data1\" content=\"Jan-Olof Nyholm\" \/>\n\t<meta name=\"twitter:label2\" content=\"Ber\u00e4knad l\u00e4stid\" \/>\n\t<meta name=\"twitter:data2\" content=\"3 minuter\" \/>\n<script type=\"application\/ld+json\" class=\"yoast-schema-graph\">{\"@context\":\"https:\/\/schema.org\",\"@graph\":[{\"@type\":\"Article\",\"@id\":\"https:\/\/www.lemmikkienlakipalvelut.fi\/korona-ajan-lemmikkibuumin-varjopuoli-alkaa-nakya-elainsuojeluyhdistyksissa\/#article\",\"isPartOf\":{\"@id\":\"https:\/\/www.lemmikkienlakipalvelut.fi\/korona-ajan-lemmikkibuumin-varjopuoli-alkaa-nakya-elainsuojeluyhdistyksissa\/\"},\"author\":{\"name\":\"Jan-Olof Nyholm\",\"@id\":\"https:\/\/www.lemmikkienlakipalvelut.fi\/#\/schema\/person\/6f1bc8e0098660862080c8d9db604799\"},\"headline\":\"Korona-ajan lemmikkibuumin varjopuoli alkaa n\u00e4ky\u00e4 el\u00e4insuojeluyhdistyksiss\u00e4\",\"datePublished\":\"2022-05-12T10:39:43+00:00\",\"dateModified\":\"2022-05-12T10:39:45+00:00\",\"mainEntityOfPage\":{\"@id\":\"https:\/\/www.lemmikkienlakipalvelut.fi\/korona-ajan-lemmikkibuumin-varjopuoli-alkaa-nakya-elainsuojeluyhdistyksissa\/\"},\"wordCount\":403,\"commentCount\":0,\"publisher\":{\"@id\":\"https:\/\/www.lemmikkienlakipalvelut.fi\/#organization\"},\"keywords\":[\"el\u00e4insuojelu\",\"koiran eroahdistus\",\"koiran koulutus\",\"koronalemmikki\"],\"articleSection\":[\"Uncategorized\"],\"inLanguage\":\"sv-SE\",\"potentialAction\":[{\"@type\":\"CommentAction\",\"name\":\"Comment\",\"target\":[\"https:\/\/www.lemmikkienlakipalvelut.fi\/korona-ajan-lemmikkibuumin-varjopuoli-alkaa-nakya-elainsuojeluyhdistyksissa\/#respond\"]}]},{\"@type\":\"WebPage\",\"@id\":\"https:\/\/www.lemmikkienlakipalvelut.fi\/korona-ajan-lemmikkibuumin-varjopuoli-alkaa-nakya-elainsuojeluyhdistyksissa\/\",\"url\":\"https:\/\/www.lemmikkienlakipalvelut.fi\/korona-ajan-lemmikkibuumin-varjopuoli-alkaa-nakya-elainsuojeluyhdistyksissa\/\",\"name\":\"Korona-ajan lemmikkibuumin varjopuoli alkaa n\u00e4ky\u00e4 el\u00e4insuojeluyhdistyksiss\u00e4 - Lemmikkien lakipalvelut\",\"isPartOf\":{\"@id\":\"https:\/\/www.lemmikkienlakipalvelut.fi\/#website\"},\"datePublished\":\"2022-05-12T10:39:43+00:00\",\"dateModified\":\"2022-05-12T10:39:45+00:00\",\"description\":\"Oletko hankkimassa lemmikki\u00e4, tai kenties sinulla jo on sellainen? Onneksi olkoon! Lemmikit ovat ihania. Juuri sen vuoksi me autamme sinua huolehtimaan h\u00e4nen oikeuksistaan ja samalla sinunkin oikeusturvastasi.\",\"breadcrumb\":{\"@id\":\"https:\/\/www.lemmikkienlakipalvelut.fi\/korona-ajan-lemmikkibuumin-varjopuoli-alkaa-nakya-elainsuojeluyhdistyksissa\/#breadcrumb\"},\"inLanguage\":\"sv-SE\",\"potentialAction\":[{\"@type\":\"ReadAction\",\"target\":[\"https:\/\/www.lemmikkienlakipalvelut.fi\/korona-ajan-lemmikkibuumin-varjopuoli-alkaa-nakya-elainsuojeluyhdistyksissa\/\"]}]},{\"@type\":\"BreadcrumbList\",\"@id\":\"https:\/\/www.lemmikkienlakipalvelut.fi\/korona-ajan-lemmikkibuumin-varjopuoli-alkaa-nakya-elainsuojeluyhdistyksissa\/#breadcrumb\",\"itemListElement\":[{\"@type\":\"ListItem\",\"position\":1,\"name\":\"Etusivu\",\"item\":\"https:\/\/www.lemmikkienlakipalvelut.fi\/\"},{\"@type\":\"ListItem\",\"position\":2,\"name\":\"Korona-ajan lemmikkibuumin varjopuoli alkaa n\u00e4ky\u00e4 el\u00e4insuojeluyhdistyksiss\u00e4\"}]},{\"@type\":\"WebSite\",\"@id\":\"https:\/\/www.lemmikkienlakipalvelut.fi\/#website\",\"url\":\"https:\/\/www.lemmikkienlakipalvelut.fi\/\",\"name\":\"Lemmikkien lakipalvelut\",\"description\":\"\",\"publisher\":{\"@id\":\"https:\/\/www.lemmikkienlakipalvelut.fi\/#organization\"},\"potentialAction\":[{\"@type\":\"SearchAction\",\"target\":{\"@type\":\"EntryPoint\",\"urlTemplate\":\"https:\/\/www.lemmikkienlakipalvelut.fi\/?s={search_term_string}\"},\"query-input\":\"required name=search_term_string\"}],\"inLanguage\":\"sv-SE\"},{\"@type\":\"Organization\",\"@id\":\"https:\/\/www.lemmikkienlakipalvelut.fi\/#organization\",\"name\":\"Lemmikkienlakipalvelut\",\"url\":\"https:\/\/www.lemmikkienlakipalvelut.fi\/\",\"logo\":{\"@type\":\"ImageObject\",\"inLanguage\":\"sv-SE\",\"@id\":\"https:\/\/www.lemmikkienlakipalvelut.fi\/#\/schema\/logo\/image\/\",\"url\":\"https:\/\/www.lemmikkienlakipalvelut.fi\/wp-content\/uploads\/2021\/05\/Vector-file.png\",\"contentUrl\":\"https:\/\/www.lemmikkienlakipalvelut.fi\/wp-content\/uploads\/2021\/05\/Vector-file.png\",\"width\":4276,\"height\":2881,\"caption\":\"Lemmikkienlakipalvelut\"},\"image\":{\"@id\":\"https:\/\/www.lemmikkienlakipalvelut.fi\/#\/schema\/logo\/image\/\"},\"sameAs\":[\"https:\/\/www.facebook.com\/Lemmikkiel\u00e4inten-lakiasiaintoimisto-JenniMinni-102363868709126\/\"]},{\"@type\":\"Person\",\"@id\":\"https:\/\/www.lemmikkienlakipalvelut.fi\/#\/schema\/person\/6f1bc8e0098660862080c8d9db604799\",\"name\":\"Jan-Olof Nyholm\",\"image\":{\"@type\":\"ImageObject\",\"inLanguage\":\"sv-SE\",\"@id\":\"https:\/\/www.lemmikkienlakipalvelut.fi\/#\/schema\/person\/image\/\",\"url\":\"https:\/\/secure.gravatar.com\/avatar\/35251d3307fcef9cb026f2b842f9ef51?s=96&d=mm&r=g\",\"contentUrl\":\"https:\/\/secure.gravatar.com\/avatar\/35251d3307fcef9cb026f2b842f9ef51?s=96&d=mm&r=g\",\"caption\":\"Jan-Olof Nyholm\"}}]}<\/script>\n<!-- \/ Yoast SEO plugin. -->","yoast_head_json":{"title":"Korona-ajan lemmikkibuumin varjopuoli alkaa n\u00e4ky\u00e4 el\u00e4insuojeluyhdistyksiss\u00e4 - Lemmikkien lakipalvelut","description":"Oletko hankkimassa lemmikki\u00e4, tai kenties sinulla jo on sellainen? Onneksi olkoon! Lemmikit ovat ihania. Juuri sen vuoksi me autamme sinua huolehtimaan h\u00e4nen oikeuksistaan ja samalla sinunkin oikeusturvastasi.","robots":{"index":"index","follow":"follow","max-snippet":"max-snippet:-1","max-image-preview":"max-image-preview:large","max-video-preview":"max-video-preview:-1"},"canonical":"https:\/\/www.lemmikkienlakipalvelut.fi\/sv\/korona-ajan-lemmikkibuumin-varjopuoli-alkaa-nakya-elainsuojeluyhdistyksissa\/","og_locale":"sv_SE","og_type":"article","og_title":"Korona-ajan lemmikkibuumin varjopuoli alkaa n\u00e4ky\u00e4 el\u00e4insuojeluyhdistyksiss\u00e4 - Lemmikkien lakipalvelut","og_description":"Oletko hankkimassa lemmikki\u00e4, tai kenties sinulla jo on sellainen? Onneksi olkoon! Lemmikit ovat ihania. Juuri sen vuoksi me autamme sinua huolehtimaan h\u00e4nen oikeuksistaan ja samalla sinunkin oikeusturvastasi.","og_url":"https:\/\/www.lemmikkienlakipalvelut.fi\/sv\/korona-ajan-lemmikkibuumin-varjopuoli-alkaa-nakya-elainsuojeluyhdistyksissa\/","og_site_name":"Lemmikkien lakipalvelut","article_publisher":"https:\/\/www.facebook.com\/Lemmikkiel%c3%a4inten-lakiasiaintoimisto-JenniMinni-102363868709126\/","article_published_time":"2022-05-12T10:39:43+00:00","article_modified_time":"2022-05-12T10:39:45+00:00","og_image":[{"width":640,"height":426,"url":"https:\/\/www.lemmikkienlakipalvelut.fi\/wp-content\/uploads\/2022\/05\/dog-2579897_640.jpg","type":"image\/jpeg"}],"author":"Jan-Olof Nyholm","twitter_card":"summary_large_image","twitter_misc":{"Skriven av":"Jan-Olof Nyholm","Ber\u00e4knad l\u00e4stid":"3 minuter"},"schema":{"@context":"https:\/\/schema.org","@graph":[{"@type":"Article","@id":"https:\/\/www.lemmikkienlakipalvelut.fi\/korona-ajan-lemmikkibuumin-varjopuoli-alkaa-nakya-elainsuojeluyhdistyksissa\/#article","isPartOf":{"@id":"https:\/\/www.lemmikkienlakipalvelut.fi\/korona-ajan-lemmikkibuumin-varjopuoli-alkaa-nakya-elainsuojeluyhdistyksissa\/"},"author":{"name":"Jan-Olof Nyholm","@id":"https:\/\/www.lemmikkienlakipalvelut.fi\/#\/schema\/person\/6f1bc8e0098660862080c8d9db604799"},"headline":"Korona-ajan lemmikkibuumin varjopuoli alkaa n\u00e4ky\u00e4 el\u00e4insuojeluyhdistyksiss\u00e4","datePublished":"2022-05-12T10:39:43+00:00","dateModified":"2022-05-12T10:39:45+00:00","mainEntityOfPage":{"@id":"https:\/\/www.lemmikkienlakipalvelut.fi\/korona-ajan-lemmikkibuumin-varjopuoli-alkaa-nakya-elainsuojeluyhdistyksissa\/"},"wordCount":403,"commentCount":0,"publisher":{"@id":"https:\/\/www.lemmikkienlakipalvelut.fi\/#organization"},"keywords":["el\u00e4insuojelu","koiran eroahdistus","koiran koulutus","koronalemmikki"],"articleSection":["Uncategorized"],"inLanguage":"sv-SE","potentialAction":[{"@type":"CommentAction","name":"Comment","target":["https:\/\/www.lemmikkienlakipalvelut.fi\/korona-ajan-lemmikkibuumin-varjopuoli-alkaa-nakya-elainsuojeluyhdistyksissa\/#respond"]}]},{"@type":"WebPage","@id":"https:\/\/www.lemmikkienlakipalvelut.fi\/korona-ajan-lemmikkibuumin-varjopuoli-alkaa-nakya-elainsuojeluyhdistyksissa\/","url":"https:\/\/www.lemmikkienlakipalvelut.fi\/korona-ajan-lemmikkibuumin-varjopuoli-alkaa-nakya-elainsuojeluyhdistyksissa\/","name":"Korona-ajan lemmikkibuumin varjopuoli alkaa n\u00e4ky\u00e4 el\u00e4insuojeluyhdistyksiss\u00e4 - Lemmikkien lakipalvelut","isPartOf":{"@id":"https:\/\/www.lemmikkienlakipalvelut.fi\/#website"},"datePublished":"2022-05-12T10:39:43+00:00","dateModified":"2022-05-12T10:39:45+00:00","description":"Oletko hankkimassa lemmikki\u00e4, tai kenties sinulla jo on sellainen? Onneksi olkoon! Lemmikit ovat ihania. Juuri sen vuoksi me autamme sinua huolehtimaan h\u00e4nen oikeuksistaan ja samalla sinunkin oikeusturvastasi.","breadcrumb":{"@id":"https:\/\/www.lemmikkienlakipalvelut.fi\/korona-ajan-lemmikkibuumin-varjopuoli-alkaa-nakya-elainsuojeluyhdistyksissa\/#breadcrumb"},"inLanguage":"sv-SE","potentialAction":[{"@type":"ReadAction","target":["https:\/\/www.lemmikkienlakipalvelut.fi\/korona-ajan-lemmikkibuumin-varjopuoli-alkaa-nakya-elainsuojeluyhdistyksissa\/"]}]},{"@type":"BreadcrumbList","@id":"https:\/\/www.lemmikkienlakipalvelut.fi\/korona-ajan-lemmikkibuumin-varjopuoli-alkaa-nakya-elainsuojeluyhdistyksissa\/#breadcrumb","itemListElement":[{"@type":"ListItem","position":1,"name":"Etusivu","item":"https:\/\/www.lemmikkienlakipalvelut.fi\/"},{"@type":"ListItem","position":2,"name":"Korona-ajan lemmikkibuumin varjopuoli alkaa n\u00e4ky\u00e4 el\u00e4insuojeluyhdistyksiss\u00e4"}]},{"@type":"WebSite","@id":"https:\/\/www.lemmikkienlakipalvelut.fi\/#website","url":"https:\/\/www.lemmikkienlakipalvelut.fi\/","name":"Lemmikkien lakipalvelut","description":"","publisher":{"@id":"https:\/\/www.lemmikkienlakipalvelut.fi\/#organization"},"potentialAction":[{"@type":"SearchAction","target":{"@type":"EntryPoint","urlTemplate":"https:\/\/www.lemmikkienlakipalvelut.fi\/?s={search_term_string}"},"query-input":"required name=search_term_string"}],"inLanguage":"sv-SE"},{"@type":"Organization","@id":"https:\/\/www.lemmikkienlakipalvelut.fi\/#organization","name":"Lemmikkienlakipalvelut","url":"https:\/\/www.lemmikkienlakipalvelut.fi\/","logo":{"@type":"ImageObject","inLanguage":"sv-SE","@id":"https:\/\/www.lemmikkienlakipalvelut.fi\/#\/schema\/logo\/image\/","url":"https:\/\/www.lemmikkienlakipalvelut.fi\/wp-content\/uploads\/2021\/05\/Vector-file.png","contentUrl":"https:\/\/www.lemmikkienlakipalvelut.fi\/wp-content\/uploads\/2021\/05\/Vector-file.png","width":4276,"height":2881,"caption":"Lemmikkienlakipalvelut"},"image":{"@id":"https:\/\/www.lemmikkienlakipalvelut.fi\/#\/schema\/logo\/image\/"},"sameAs":["https:\/\/www.facebook.com\/Lemmikkiel\u00e4inten-lakiasiaintoimisto-JenniMinni-102363868709126\/"]},{"@type":"Person","@id":"https:\/\/www.lemmikkienlakipalvelut.fi\/#\/schema\/person\/6f1bc8e0098660862080c8d9db604799","name":"Jan-Olof Nyholm","image":{"@type":"ImageObject","inLanguage":"sv-SE","@id":"https:\/\/www.lemmikkienlakipalvelut.fi\/#\/schema\/person\/image\/","url":"https:\/\/secure.gravatar.com\/avatar\/35251d3307fcef9cb026f2b842f9ef51?s=96&d=mm&r=g","contentUrl":"https:\/\/secure.gravatar.com\/avatar\/35251d3307fcef9cb026f2b842f9ef51?s=96&d=mm&r=g","caption":"Jan-Olof Nyholm"}}]}},"_links":{"self":[{"href":"https:\/\/www.lemmikkienlakipalvelut.fi\/sv\/wp-json\/wp\/v2\/posts\/918"}],"collection":[{"href":"https:\/\/www.lemmikkienlakipalvelut.fi\/sv\/wp-json\/wp\/v2\/posts"}],"about":[{"href":"https:\/\/www.lemmikkienlakipalvelut.fi\/sv\/wp-json\/wp\/v2\/types\/post"}],"author":[{"embeddable":true,"href":"https:\/\/www.lemmikkienlakipalvelut.fi\/sv\/wp-json\/wp\/v2\/users\/2"}],"replies":[{"embeddable":true,"href":"https:\/\/www.lemmikkienlakipalvelut.fi\/sv\/wp-json\/wp\/v2\/comments?post=918"}],"version-history":[{"count":1,"href":"https:\/\/www.lemmikkienlakipalvelut.fi\/sv\/wp-json\/wp\/v2\/posts\/918\/revisions"}],"predecessor-version":[{"id":919,"href":"https:\/\/www.lemmikkienlakipalvelut.fi\/sv\/wp-json\/wp\/v2\/posts\/918\/revisions\/919"}],"wp:featuredmedia":[{"embeddable":true,"href":"https:\/\/www.lemmikkienlakipalvelut.fi\/sv\/wp-json\/wp\/v2\/media\/921"}],"wp:attachment":[{"href":"https:\/\/www.lemmikkienlakipalvelut.fi\/sv\/wp-json\/wp\/v2\/media?parent=918"}],"wp:term":[{"taxonomy":"category","embeddable":true,"href":"https:\/\/www.lemmikkienlakipalvelut.fi\/sv\/wp-json\/wp\/v2\/categories?post=918"},{"taxonomy":"post_tag","embeddable":true,"href":"https:\/\/www.lemmikkienlakipalvelut.fi\/sv\/wp-json\/wp\/v2\/tags?post=918"}],"curies":[{"name":"wp","href":"https:\/\/api.w.org\/{rel}","templated":true}]}}